{"id":275,"date":"2014-05-27T22:33:03","date_gmt":"2014-05-27T20:33:03","guid":{"rendered":"http:\/\/perseus.bupnet.de\/?p=275"},"modified":"2014-05-27T22:46:15","modified_gmt":"2014-05-27T20:46:15","slug":"seminar-facebook-co","status":"publish","type":"post","link":"https:\/\/perseus.bupnet.de\/?p=275","title":{"rendered":"Seminar: &#8222;Facebook &#038; Co.&#8220; &#8230;"},"content":{"rendered":"<p style=\"text-align: center;\"><strong>&#8230; Personalrekrutierung und Arbeitgeberpr\u00e4sentation in den &#8222;Sozialen Medien&#8220;<br \/>\n<\/strong>Ein Angebot f\u00fcr Mitarbeiter\/innen aus kleinen und mittleren Unternehmen in Nordhessen.<br \/>\nDrei Seminartage im Juli 2014.<\/p>\n<p>In den &#8222;Sozialen Medien&#8220; (Facebook &amp; Co.) pr\u00e4sentieren sich Firmen, auch als Arbeitgeber, Bewerber informieren sich \u00fcber Stellenangebote und die Attraktivit\u00e4t der Arbeitspl\u00e4tze. Das Seminar vermittelt einen Einstieg in die Chancen (und Risiken) der Firmenpr\u00e4sentation und die Grundlagen des dazu notwendigen &#8222;know-how&#8220;.<br \/>\n<a href=\"http:\/\/perseus.bupnet.de\/wp-content\/uploads\/2014\/05\/Flyer_Perseus-Facebook.pdf\" target=\"_blank\">&gt;&gt;&gt; Seminarflyer<\/a><\/p>\n","protected":false},"excerpt":{"rendered":"<p>&#8230; Personalrekrutierung und Arbeitgeberpr\u00e4sentation in den &#8222;Sozialen Medien&#8220; Ein Angebot f\u00fcr Mitarbeiter\/innen aus kleinen und mittleren Unternehmen in Nordhessen. Drei Seminartage im Juli 2014. In den &#8222;Sozialen Medien&#8220; (Facebook &amp; Co.) pr\u00e4sentieren sich Firmen, auch als Arbeitgeber, Bewerber informieren sich &hellip; <a href=\"https:\/\/perseus.bupnet.de\/?p=275\">Weiterlesen <span class=\"meta-nav\">&rarr;<\/span><\/a><\/p>\n","protected":false},"author":1,"featured_media":0,"comment_status":"closed","ping_status":"closed","sticky":false,"template":"","format":"standard","meta":{"footnotes":""},"categories":[1],"tags":[],"class_list":["post-275","post","type-post","status-publish","format-standard","hentry","category-allgemein"],"_links":{"self":[{"href":"https:\/\/perseus.bupnet.de\/index.php?rest_route=\/wp\/v2\/posts\/275","targetHints":{"allow":["GET"]}}],"collection":[{"href":"https:\/\/perseus.bupnet.de\/index.php?rest_route=\/wp\/v2\/posts"}],"about":[{"href":"https:\/\/perseus.bupnet.de\/index.php?rest_route=\/wp\/v2\/types\/post"}],"author":[{"embeddable":true,"href":"https:\/\/perseus.bupnet.de\/index.php?rest_route=\/wp\/v2\/users\/1"}],"replies":[{"embeddable":true,"href":"https:\/\/perseus.bupnet.de\/index.php?rest_route=%2Fwp%2Fv2%2Fcomments&post=275"}],"version-history":[{"count":11,"href":"https:\/\/perseus.bupnet.de\/index.php?rest_route=\/wp\/v2\/posts\/275\/revisions"}],"predecessor-version":[{"id":286,"href":"https:\/\/perseus.bupnet.de\/index.php?rest_route=\/wp\/v2\/posts\/275\/revisions\/286"}],"wp:attachment":[{"href":"https:\/\/perseus.bupnet.de\/index.php?rest_route=%2Fwp%2Fv2%2Fmedia&parent=275"}],"wp:term":[{"taxonomy":"category","embeddable":true,"href":"https:\/\/perseus.bupnet.de\/index.php?rest_route=%2Fwp%2Fv2%2Fcategories&post=275"},{"taxonomy":"post_tag","embeddable":true,"href":"https:\/\/perseus.bupnet.de\/index.php?rest_route=%2Fwp%2Fv2%2Ftags&post=275"}],"curies":[{"name":"wp","href":"https:\/\/api.w.org\/{rel}","templated":true}]}}